{"id":1578,"date":"2021-03-20T09:12:03","date_gmt":"2021-03-20T12:12:03","guid":{"rendered":"http:\/\/behappier.app\/?p=1578"},"modified":"2021-03-24T14:44:38","modified_gmt":"2021-03-24T17:44:38","slug":"10-dicas-de-autocuidado-durante-o-isolamento-social","status":"publish","type":"post","link":"https:\/\/behappier.app\/blog\/?p=1578","title":{"rendered":"10 dicas de autocuidado durante o isolamento social"},"content":{"rendered":"<p>[fusion_builder_container hundred_percent=&#8221;no&#8221; equal_height_columns=&#8221;no&#8221; menu_anchor=&#8221;&#8221; hide_on_mobile=&#8221;small-visibility,medium-visibility,large-visibility&#8221; class=&#8221;&#8221; id=&#8221;&#8221; background_color=&#8221;&#8221; background_image=&#8221;&#8221; background_position=&#8221;center center&#8221; background_repeat=&#8221;no-repeat&#8221; fade=&#8221;no&#8221; background_parallax=&#8221;none&#8221; parallax_speed=&#8221;0.3&#8243; video_mp4=&#8221;&#8221; video_webm=&#8221;&#8221; video_ogv=&#8221;&#8221; video_url=&#8221;&#8221; video_aspect_ratio=&#8221;16:9&#8243; video_loop=&#8221;yes&#8221; video_mute=&#8221;yes&#8221; overlay_color=&#8221;&#8221; video_preview_image=&#8221;&#8221; border_size=&#8221;&#8221; border_color=&#8221;&#8221; border_style=&#8221;solid&#8221; padding_top=&#8221;&#8221; padding_bottom=&#8221;&#8221; padding_left=&#8221;&#8221; padding_right=&#8221;&#8221;][fusion_builder_row][fusion_builder_column type=&#8221;1_1&#8243; layout=&#8221;1_1&#8243; background_position=&#8221;left top&#8221; background_color=&#8221;&#8221; border_size=&#8221;&#8221; border_color=&#8221;&#8221; border_style=&#8221;solid&#8221; border_position=&#8221;all&#8221; spacing=&#8221;yes&#8221; background_image=&#8221;&#8221; background_repeat=&#8221;no-repeat&#8221; padding_top=&#8221;&#8221; padding_right=&#8221;&#8221; padding_bottom=&#8221;&#8221; padding_left=&#8221;&#8221; margin_top=&#8221;0px&#8221; margin_bottom=&#8221;0px&#8221; class=&#8221;&#8221; id=&#8221;&#8221; animation_type=&#8221;&#8221; animation_speed=&#8221;0.3&#8243; animation_direction=&#8221;left&#8221; hide_on_mobile=&#8221;small-visibility,medium-visibility,large-visibility&#8221; center_content=&#8221;no&#8221; last=&#8221;no&#8221; min_height=&#8221;&#8221; hover_type=&#8221;none&#8221; link=&#8221;&#8221;][fusion_text]<\/p>\n<p style=\"text-align: right;\"><em>\u201cN\u00f3s somos uma maneira do cosmos se autoconhecer\u201d<\/em><\/p>\n<p style=\"text-align: right;\"><em>\u00a0(Carl Sagan)<\/em><\/p>\n<p>Faz um ano que foram iniciadas as diversas medidas de isolamento social impostas pelas autoridades sanit\u00e1rias com a justificativa de diminuir a circula\u00e7\u00e3o do Coronav\u00edrus. Nas pr\u00f3ximas semanas, em muitos lugares do pa\u00eds, passaremos novamente pela pol\u00edtica do \u2018<em>lockdown<\/em>\u2019 para que o m\u00e1ximo de pessoas permane\u00e7a em suas casas e evite sair nas ruas. Dentre outras consequ\u00eancias, sabe-se que o isolamento pode trazer uma s\u00e9rie de fatores de risco para a sa\u00fade mental e emocional das pessoas, especialmente aquelas que j\u00e1 tenham algum hist\u00f3rico pr\u00e9vio (ex. transtornos depressivos ou de ansiedade).<\/p>\n<p>Do in\u00edcio da pandemia at\u00e9 hoje, muitos estudos investigam as implica\u00e7\u00f5es psicol\u00f3gicas decorrentes desta situa\u00e7\u00e3o, sendo algumas delas as seguintes: aumento na incid\u00eancia de depress\u00e3o, ansiedade, estresse, ataques de p\u00e2nico, raiva irracional, impulsividade, dist\u00farbios do sono, dist\u00farbios emocionais, transtorno de estresse p\u00f3s-traum\u00e1tico, fobia social, agorafobia e comportamento suicida. Neste sentido, alguns fatores t\u00eam sido associados a diminui\u00e7\u00e3o no bem-estar e aumento nos transtornos mentais, como: n\u00edveis mais altos de afetos negativos, n\u00edveis mais baixos de afetos positivos, assistir a not\u00edcias em excesso, usar as redes sociais em excesso, faixa et\u00e1ria mais jovem (sendo as crian\u00e7as mais prejudicadas) e a falta de atividades rotineiras.<\/p>\n<p><strong>Diante deste cen\u00e1rio, como proteger a sa\u00fade emocional e exercitar o autocuidado?<\/strong><\/p>\n<p>No m\u00eas de abril de 2020, realizei a primeira <em>live<\/em> sobre esta tem\u00e1tica, e compartilho algumas das orienta\u00e7\u00f5es que sugeri naquele momento, pois acredito que essas dicas em forma de reflex\u00f5es podem ajudar quem deseja cuidar de si e das pessoas a sua volta durante o isolamento.<\/p>\n<ol>\n<li>Colocar os eventos \u2018em perspectiva\u2019. Pergunte-se: O que est\u00e1 sob o meu controle? Reflita e cuide disso.<\/li>\n<li>Tenha curiosidade sobre si mesmo: observe suas emo\u00e7\u00f5es, sentimentos e comportamentos. Depois, avalie suas prioridades considerando a auto-observa\u00e7\u00e3o.<\/li>\n<li>Aceite as emo\u00e7\u00f5es, mesmo que sejam desagrad\u00e1veis. Lembre-se que sentir medo ou raiva, por exemplo, \u00e9 natural quando passamos por momentos desafiadores e n\u00e3o \u00e9 errado.<\/li>\n<li>Imagine as emo\u00e7\u00f5es como \u2018nuvens no c\u00e9u\u2019. Permita que elas passem, por mais que seja tentador se agarrar a elas.<\/li>\n<li>Tenha aten\u00e7\u00e3o ao momento presente (mais sobre isso no texto \u2018A chave m\u00e1gica\u2019) e aos pequenos tesouros que podem ser descobertos nele.<\/li>\n<li>Nos dias mais dif\u00edceis, fa\u00e7a o m\u00ednimo necess\u00e1rio para n\u00e3o paralisar ou interromper planos importantes na sua vida. Lembre-se que um pequeno passo \u00e9 melhor do que nenhum passo.<\/li>\n<li>Mantenha algumas das suas rotinas: rituais ao acordar, rituais de beleza, rituais de estudo e trabalho, tratamentos de sa\u00fade etc.<\/li>\n<li>Crie algumas rotinas. Pergunte-se: o que seria imposs\u00edvel fazer na minha antiga rotina e que agora posso escolher fazer? Escolha algo e comece.<\/li>\n<li>Fa\u00e7a os exerc\u00edcios da psicologia positiva indicados pelo BeHappier \ud83d\ude0a.<\/li>\n<li>Preserve os contatos sociais via <em>online<\/em>: cuide dos relacionamentos que d\u00e3o certo.<\/li>\n<li>Sobre gerenciamento do tempo: lembre-se que o tempo \u00e9 um recurso finito, e quando se diz SIM a uma coisa, SEMPRE se diz N\u00c3O a outra. Al\u00e9m disso, \u2018n\u00e3o escolher \u00e9 sempre uma escolha\u2019.<\/li>\n<li>Sobre os planos adiados: procure projetar sonhos com metas de curto, m\u00e9dio e longo prazo. Tire um tempo para reorganizar as suas prioridades, seja na vida financeira, profissional ou familiar.<\/li>\n<li>Caso esteja muito dif\u00edcil come\u00e7ar qualquer uma das sugest\u00f5es listadas acima, procure ajuda profissional e n\u00e3o deixe de se cuidar.<\/li>\n<\/ol>\n<p>Quando nos cuidamos com <strong>amor<\/strong>, automaticamente estamos cuidando das pessoas que est\u00e3o a nossa volta e ficando inteiros para ajudar no que for necess\u00e1rio.<\/p>\n<p><strong>Voc\u00ea j\u00e1 faz algumas destas coisas? Por onde pretende come\u00e7ar? Agora \u00e9 com voc\u00ea.<\/strong><\/p>\n<p>Texto por Marcella Bastos Cacciari<\/p>\n<p>[\/fusion_text][\/fusion_builder_column][\/fusion_builder_row][\/fusion_builder_container]<\/p>\n","protected":false},"excerpt":{"rendered":"<p>[fusion_builder_container hundred_percent=&#8221;no&#8221; equal_height_columns=&#8221;no&#8221; menu_anchor=&#8221;&#8221; hide_on_mobile=&#8221;small-visibility,medium-visibility,large-visibility&#8221; class=&#8221;&#8221; id=&#8221;&#8221; background_color=&#8221;&#8221; background_image=&#8221;&#8221; background_position=&#8221;center center&#8221; background_repeat=&#8221;no-repeat&#8221; fade=&#8221;no&#8221; background_parallax=&#8221;none&#8221; parallax_speed=&#8221;0.3&#8243; video_mp4=&#8221;&#8221; video_webm=&#8221;&#8221; video_ogv=&#8221;&#8221; video_url=&#8221;&#8221; video_aspect_ratio=&#8221;16:9&#8243; video_loop=&#8221;yes&#8221; video_mute=&#8221;yes&#8221; overlay_color=&#8221;&#8221; video_preview_image=&#8221;&#8221; border_size=&#8221;&#8221; border_color=&#8221;&#8221; border_style=&#8221;solid&#8221; padding_top=&#8221;&#8221; padding_bottom=&#8221;&#8221; padding_left=&#8221;&#8221; padding_right=&#8221;&#8221;][fusion_builder_row][fusion_builder_column type=&#8221;1_1&#8243; layout=&#8221;1_1&#8243; background_position=&#8221;left top&#8221; [&hellip;]<\/p>\n","protected":false},"author":1,"featured_media":1582,"comment_status":"open","ping_status":"open","sticky":false,"template":"","format":"standard","meta":{"footnotes":""},"categories":[1],"tags":[],"class_list":["post-1578","post","type-post","status-publish","format-standard","has-post-thumbnail","hentry","category-sem-categoria"],"_links":{"self":[{"href":"https:\/\/behappier.app\/blog\/index.php?rest_route=\/wp\/v2\/posts\/1578","targetHints":{"allow":["GET"]}}],"collection":[{"href":"https:\/\/behappier.app\/blog\/index.php?rest_route=\/wp\/v2\/posts"}],"about":[{"href":"https:\/\/behappier.app\/blog\/index.php?rest_route=\/wp\/v2\/types\/post"}],"author":[{"embeddable":true,"href":"https:\/\/behappier.app\/blog\/index.php?rest_route=\/wp\/v2\/users\/1"}],"replies":[{"embeddable":true,"href":"https:\/\/behappier.app\/blog\/index.php?rest_route=%2Fwp%2Fv2%2Fcomments&post=1578"}],"version-history":[{"count":2,"href":"https:\/\/behappier.app\/blog\/index.php?rest_route=\/wp\/v2\/posts\/1578\/revisions"}],"predecessor-version":[{"id":1633,"href":"https:\/\/behappier.app\/blog\/index.php?rest_route=\/wp\/v2\/posts\/1578\/revisions\/1633"}],"wp:featuredmedia":[{"embeddable":true,"href":"https:\/\/behappier.app\/blog\/index.php?rest_route=\/wp\/v2\/media\/1582"}],"wp:attachment":[{"href":"https:\/\/behappier.app\/blog\/index.php?rest_route=%2Fwp%2Fv2%2Fmedia&parent=1578"}],"wp:term":[{"taxonomy":"category","embeddable":true,"href":"https:\/\/behappier.app\/blog\/index.php?rest_route=%2Fwp%2Fv2%2Fcategories&post=1578"},{"taxonomy":"post_tag","embeddable":true,"href":"https:\/\/behappier.app\/blog\/index.php?rest_route=%2Fwp%2Fv2%2Ftags&post=1578"}],"curies":[{"name":"wp","href":"https:\/\/api.w.org\/{rel}","templated":true}]}}